{"id":1659,"date":"2023-07-07T00:30:00","date_gmt":"2023-07-06T22:30:00","guid":{"rendered":"https:\/\/www.gadget365.it\/blog\/?p=1659"},"modified":"2024-11-15T11:45:35","modified_gmt":"2024-11-15T10:45:35","slug":"estate-in-arrivo-con-i-cappellini-personalizzati","status":"publish","type":"post","link":"https:\/\/www.gadget365.it\/blog\/estate-in-arrivo-con-i-cappellini-personalizzati\/","title":{"rendered":"Estate in arrivo con i cappellini personalizzati"},"content":{"rendered":"\n<p>Finalmente sta arrivando la bella stagione, via cappotti, sciarpe e guanti e benvenute giacche di jeans e indumenti leggeri e colorati.<\/p>\n\n\n\n<p>L&#8217;unico accessorio che resta tutto l&#8217;anno \u00e8 il cappello ma in ogni stagione cambia forma: dai modelli in lana che proteggono testa e orecchie dal freddo in autunno e in inverno, ecco arrivare i <strong><a href=\"https:\/\/www.gadget365.it\/cappellini-cappelli-logo-personalizzati\/\" target=\"_blank\" rel=\"noreferrer noopener\">cappellini personalizzati<\/a><\/strong> colorati che proteggono la tua testa dal caldo e i tuoi occhi dall&#8217;accecante luce solare.<\/p>\n\n\n\n<p>Per anni, il clich\u00e9 dei giocatori di baseball dei film americani, aveva relegato questo indumento a un uso quasi esclusivo in ambito sportivo. A differenza di qualche anno fa, il cappellino con la visiera non \u00e8 pi\u00f9 associato esclusivamente a questo ambiente ma, per quanto sia comodo e pratico durante una seduta di sport all&#8217;aperto, \u00e8 anche un accessorio molto apprezzato per una passeggiata in citt\u00e0 o sulla spiaggia, durante un concerto o una gita per evitare di prendere una insolazione.<\/p>\n\n\n\n<p>Inoltre, grazie all&#8217;elevato numero di modelli che ne esistono in circolazione \u00e8 un indumento estremamente versatile: se ne trova un modello perfetto per ogni situazione, per ogni et\u00e0 e per un gran numero di gusti personali.<\/p>\n\n\n\n<h2 class=\"wp-block-heading\">Perch\u00e9 scegliere i cappellini personalizzati per promuovere la tua azienda<\/h2>\n\n\n\n<p>Innanzitutto \u00e8 importante che, dopo aver deciso di voler distribuire dei gadget promozionali, tu decida attentamente quali scegliere. \u00c8 necessario fare uno studio approfondito per valutare i valori aziendali che vuoi trasmettere, il tuo target di riferimento, e la stagione in cui li distribuirai. Tutto questo perch\u00e9, un gadget ben pianificato ha pi\u00f9 chance di essere apprezzato da chi li riceve.<\/p>\n\n\n\n<p>Solamente un gadget apprezzato \u00e8 un buon veicolo pubblicitario per la tua azienda, questo perch\u00e9 chi lo riceve \u00e8 pi\u00f9 portato ad utilizzarlo (e quindi sfoggiarlo) nella sua vita di tutti i giorni.<\/p>\n\n\n\n<p>A questo proposito, non esiste miglior regalo di qualcosa che sia utile, oltre che bello, quindi, se organizzi o fai parte di un evento che si svolge all&#8217;aperto in primavera o in estate, un cappellino sar\u00e0 sicuramente apprezzatissimo da chi lo ricever\u00e0, soprattutto nelle ore pi\u00f9 calde della giornata.<\/p>\n\n\n\n<p>Inoltre, un cappellino, grazie alla sua posizione, \u00e8 ben visibile a tutte le persone che sono intorno a chi lo indossa: questo gli conferisce un netto vantaggio in termini di visibilit\u00e0 rispetto a tutte le altre tipologie di gadget.<\/p>\n\n\n\n<h3 class=\"wp-block-heading\">Personalizzazione e Budget<\/h3>\n\n\n\n<p>C&#8217;\u00e8 anche da dire che da grandi poteri derivano grandi responsabilit\u00e0 e quindi, \u00e8 fondamentale che qualsiasi cosa tu decida di disegnare o scrivere sul cappellino sia in linea con quello che vuoi trasmettere di te e della tua azienda ai tuoi potenziali clienti, altrimenti il flop \u00e8 assicurato.<\/p>\n\n\n\n<p>Un altro punto a favore dei cappellini personalizzati \u00e8 la possibilit\u00e0 di renderli unici con una qualsiasi delle tecniche esistenti: dalla serigrafia, al ricamo alla sublimazione al transfer digitale dovrai solo decidere quale effetto vuoi suscitare e quanto vuoi spendere.<\/p>\n\n\n\n<p>Altro punto di attenzione: il budget. Nella scelta dei gadget, come per ogni altra decisione che riguarda la tua azienda, non devi assolutamente prendere sottogamba l&#8217;aspetto economico. C&#8217;\u00e8 da dire che il cappellino personalizzato \u00e8 un ottimo compromesso fra il prezzo e il ritorno pubblicitario, \u00e8 infatti uno dei prodotti pi\u00f9 economici nel panorama dei gadget personalizzabili, ed \u00e8 anche molto efficace dal punto di vista della visibilit\u00e0.<\/p>\n\n\n\n<figure class=\"wp-block-gallery has-nested-images columns-default is-cropped wp-block-gallery-1 is-layout-flex wp-block-gallery-is-layout-flex\">\n<figure class=\"wp-block-image size-large\"><a href=\"https:\/\/www.gadget365.it\/product_default.asp?idProdotto=51494103\" target=\"_blank\" rel=\"noreferrer noopener\"><img loading=\"lazy\" decoding=\"async\" width=\"700\" height=\"700\" data-id=\"1663\" src=\"https:\/\/www.gadget365.it\/blog\/wp-content\/uploads\/2023\/03\/Cappelino_1.jpg\" alt=\"Cappellino da baseball\" class=\"wp-image-1663\" srcset=\"https:\/\/images.gadget365.it\/blog\/2023\/03\/Cappelino_1.jpg?profile=Example 700w, https:\/\/images.gadget365.it\/blog\/2023\/03\/Cappelino_1.jpg?w=300&amp;h=300&amp;scale.option=fill&amp;cw=300&amp;ch=300&amp;cx=center&amp;cy=center&amp;profile=Example 300w, https:\/\/images.gadget365.it\/blog\/2023\/03\/Cappelino_1.jpg?w=80&amp;h=80&amp;scale.option=fill&amp;cw=80&amp;ch=80&amp;cx=center&amp;cy=center&amp;profile=Example 80w, https:\/\/images.gadget365.it\/blog\/2023\/03\/Cappelino_1.jpg?w=150&amp;h=150&amp;scale.option=fill&amp;cw=150&amp;ch=150&amp;cx=center&amp;cy=center&amp;profile=Example 150w, https:\/\/images.gadget365.it\/blog\/2023\/03\/Cappelino_1.jpg?w=36&amp;h=36&amp;scale.option=fill&amp;cw=36&amp;ch=36&amp;cx=center&amp;cy=center&amp;profile=Example 36w, https:\/\/images.gadget365.it\/blog\/2023\/03\/Cappelino_1.jpg?w=180&amp;h=180&amp;scale.option=fill&amp;cw=180&amp;ch=180&amp;cx=center&amp;cy=center&amp;profile=Example 180w\" sizes=\"auto, (max-width: 700px) 100vw, 700px\" \/><\/a><\/figure>\n\n\n\n<figure class=\"wp-block-image size-large\"><a href=\"https:\/\/www.gadget365.it\/cappellini-da-camionista-trucker-cap\/\" target=\"_blank\" rel=\"noreferrer noopener\"><img loading=\"lazy\" decoding=\"async\" width=\"700\" height=\"700\" data-id=\"1664\" src=\"https:\/\/www.gadget365.it\/blog\/wp-content\/uploads\/2023\/03\/Cappelino_2.jpg\" alt=\"Cappellino da camionista\" class=\"wp-image-1664\" srcset=\"https:\/\/images.gadget365.it\/blog\/2023\/03\/Cappelino_2.jpg?profile=Example 700w, https:\/\/images.gadget365.it\/blog\/2023\/03\/Cappelino_2.jpg?w=300&amp;h=300&amp;scale.option=fill&amp;cw=300&amp;ch=300&amp;cx=center&amp;cy=center&amp;profile=Example 300w, https:\/\/images.gadget365.it\/blog\/2023\/03\/Cappelino_2.jpg?w=80&amp;h=80&amp;scale.option=fill&amp;cw=80&amp;ch=80&amp;cx=center&amp;cy=center&amp;profile=Example 80w, https:\/\/images.gadget365.it\/blog\/2023\/03\/Cappelino_2.jpg?w=150&amp;h=150&amp;scale.option=fill&amp;cw=150&amp;ch=150&amp;cx=center&amp;cy=center&amp;profile=Example 150w, https:\/\/images.gadget365.it\/blog\/2023\/03\/Cappelino_2.jpg?w=36&amp;h=36&amp;scale.option=fill&amp;cw=36&amp;ch=36&amp;cx=center&amp;cy=center&amp;profile=Example 36w, https:\/\/images.gadget365.it\/blog\/2023\/03\/Cappelino_2.jpg?w=180&amp;h=180&amp;scale.option=fill&amp;cw=180&amp;ch=180&amp;cx=center&amp;cy=center&amp;profile=Example 180w\" sizes=\"auto, (max-width: 700px) 100vw, 700px\" \/><\/a><\/figure>\n\n\n\n<figure class=\"wp-block-image size-large\"><a href=\"https:\/\/www.gadget365.it\/cappello-pescatore-bilgola\/\" target=\"_blank\" rel=\"noreferrer noopener\"><img loading=\"lazy\" decoding=\"async\" width=\"700\" height=\"700\" data-id=\"1665\" src=\"https:\/\/www.gadget365.it\/blog\/wp-content\/uploads\/2023\/03\/Cappelino_3.jpg\" alt=\"Cappellino da pescatore\" class=\"wp-image-1665\" srcset=\"https:\/\/images.gadget365.it\/blog\/2023\/03\/Cappelino_3.jpg?profile=Example 700w, https:\/\/images.gadget365.it\/blog\/2023\/03\/Cappelino_3.jpg?w=300&amp;h=300&amp;scale.option=fill&amp;cw=300&amp;ch=300&amp;cx=center&amp;cy=center&amp;profile=Example 300w, https:\/\/images.gadget365.it\/blog\/2023\/03\/Cappelino_3.jpg?w=80&amp;h=80&amp;scale.option=fill&amp;cw=80&amp;ch=80&amp;cx=center&amp;cy=center&amp;profile=Example 80w, https:\/\/images.gadget365.it\/blog\/2023\/03\/Cappelino_3.jpg?w=150&amp;h=150&amp;scale.option=fill&amp;cw=150&amp;ch=150&amp;cx=center&amp;cy=center&amp;profile=Example 150w, https:\/\/images.gadget365.it\/blog\/2023\/03\/Cappelino_3.jpg?w=36&amp;h=36&amp;scale.option=fill&amp;cw=36&amp;ch=36&amp;cx=center&amp;cy=center&amp;profile=Example 36w, https:\/\/images.gadget365.it\/blog\/2023\/03\/Cappelino_3.jpg?w=180&amp;h=180&amp;scale.option=fill&amp;cw=180&amp;ch=180&amp;cx=center&amp;cy=center&amp;profile=Example 180w\" sizes=\"auto, (max-width: 700px) 100vw, 700px\" \/><\/a><\/figure>\n<\/figure>\n\n\n\n<h2 class=\"wp-block-heading\">Modelli di cappellini personalizzati, quale scegliere<\/h2>\n\n\n\n<p>I modelli di cappellini personalizzabili sono davvero tanti ed adatti per ogni occasione e ad ogni et\u00e0. \u00c8 inoltre un indumento privo di genere, \u00e8 quindi perfetto anche se i tuoi clienti sono sia uomini che donne, togliendoti dall\u2019impaccio di dover fare gadget differenziati.<\/p>\n\n\n\n<p>Iniziamo dai colori: la scelta cromatica \u00e8 praticamente infinita, questo fa s\u00ec che sicuramente riuscirai a trovare uno sfondo per il tuo logo che richiami alla perfezione i colori distintivi della tua azienda.<\/p>\n\n\n\n<p>Altri dettagli per cui si differenziano i vari modelli sono la forma della parte superiore, la lunghezza e la dimensione della visiera e il tipo chiusura: c&#8217;\u00e8 chi trova pi\u00f9 comodi quelli con il velcro nella zona posteriore della testa per adattare la circonferenza al proprio capo, oppure chi preferisce la cinghia regolabile.<\/p>\n\n\n\n<p>Esistono modelli fatti per met\u00e0 di rete traspirante, per far circolare meglio l&#8217;aria ed evitare di far sudare eccessivamente la testa, soprattutto per chi ha tanti capelli.<\/p>\n\n\n\n<p>Se poi il tuo pubblico comprende anche i pi\u00f9 piccini, potrebbe essere gradito (soprattutto dai genitori) un cappellino delle misure adatte per la testa dei bambini. Anche in questo caso puoi sbizzarrirti sui colori e sulle chiusure, e, magari, pensare a una personalizzazione speciale adatta proprio per stare sulla testa dei bambini.<\/p>\n\n\n\n<h2 class=\"wp-block-heading\">Cappellini personalizzati e influencer marketing<\/h2>\n\n\n\n<p>Hai mai sentito parlare di Influencer marketing? \u00c8 una pratica pubblicitaria a tutti gli effetti in cui un influencer indossa un certo prodotto durante un evento per poi postare una foto sui social mentre lo indossa, magari taggando proprio il marchio dell\u2019indumento in questione, che potrebbe essere il tuo.<\/p>\n\n\n\n<p>Se riuscissi a raggiungere la testa di un influencer con uno dei tuoi cappellini personalizzati, potresti fare un boom di visualizzazioni\u2026e di vendite.<\/p>\n","protected":false},"excerpt":{"rendered":"<p>Finalmente sta arrivando la bella stagione, via cappotti, sciarpe e guanti e benvenute giacche di jeans e vestiti leggeri e colorati. L&#8217;unico accessorio che resta tutto l&#8217;anno \u00e8 il cappello ma in ogni stagione cambia forma: dai modelli in lana che proteggono testa e orecchie dal freddo in autunno e in inverno, ecco arrivare i cappellini personalizzati colorati che proteggono la tua testa dal caldo e i tuoi occhi dalla luce. A questo proposito, non esiste miglior regalo di un cappellino.<\/p>\n","protected":false},"author":1,"featured_media":1671,"comment_status":"closed","ping_status":"open","sticky":false,"template":"","format":"standard","meta":{"footnotes":""},"categories":[1],"tags":[],"class_list":["post-1659","post","type-post","status-publish","format-standard","has-post-thumbnail","hentry","category-tutti"],"yoast_head":"<!-- This site is optimized with the Yoast SEO plugin v27.4 - https:\/\/yoast.com\/product\/yoast-seo-wordpress\/ -->\r\n<title>Estate in arrivo con i cappellini personalizzati - Gadget365 Blog<\/title>\r\n<meta name=\"description\" content=\"Il cappellino \u00e8 l&#039;accessorio perfetto per tutto l&#039;anno, ma in ogni stagione cambia forma: dai modelli in lana ai cappellini personalizzati.\" \/>\r\n<meta name=\"robots\" content=\"index, follow, max-snippet:-1, max-image-preview:large, max-video-preview:-1\" \/>\r\n<link rel=\"canonical\" href=\"https:\/\/www.gadget365.it\/blog\/estate-in-arrivo-con-i-cappellini-personalizzati\/\" \/>\r\n<meta property=\"og:locale\" content=\"it_IT\" \/>\r\n<meta property=\"og:type\" content=\"article\" \/>\r\n<meta property=\"og:title\" content=\"Estate in arrivo con i cappellini personalizzati - Gadget365 Blog\" \/>\r\n<meta property=\"og:description\" content=\"Il cappellino \u00e8 l&#039;accessorio perfetto per tutto l&#039;anno, ma in ogni stagione cambia forma: dai modelli in lana ai cappellini personalizzati.\" \/>\r\n<meta property=\"og:url\" content=\"https:\/\/www.gadget365.it\/blog\/estate-in-arrivo-con-i-cappellini-personalizzati\/\" \/>\r\n<meta property=\"og:site_name\" content=\"Gadget365 Blog\" \/>\r\n<meta property=\"article:published_time\" content=\"2023-07-06T22:30:00+00:00\" \/>\r\n<meta property=\"article:modified_time\" content=\"2024-11-15T10:45:35+00:00\" \/>\r\n<meta property=\"og:image\" content=\"https:\/\/www.gadget365.it\/blog\/wp-content\/uploads\/2023\/03\/Cappellini_2023.jpg\" \/>\r\n\t<meta property=\"og:image:width\" content=\"1000\" \/>\r\n\t<meta property=\"og:image:height\" content=\"520\" \/>\r\n\t<meta property=\"og:image:type\" content=\"image\/jpeg\" \/>\r\n<meta name=\"author\" content=\"Gadget365\" \/>\r\n<meta name=\"twitter:card\" content=\"summary_large_image\" \/>\r\n<meta name=\"twitter:label1\" content=\"Scritto da\" \/>\n\t<meta name=\"twitter:data1\" content=\"Gadget365\" \/>\n\t<meta name=\"twitter:label2\" content=\"Tempo di lettura stimato\" \/>\n\t<meta name=\"twitter:data2\" content=\"6 minuti\" \/>\r\n<script type=\"application\/ld+json\" class=\"yoast-schema-graph\">{\"@context\":\"https:\\\/\\\/schema.org\",\"@graph\":[{\"@type\":\"Article\",\"@id\":\"https:\\\/\\\/www.gadget365.it\\\/blog\\\/estate-in-arrivo-con-i-cappellini-personalizzati\\\/#article\",\"isPartOf\":{\"@id\":\"https:\\\/\\\/www.gadget365.it\\\/blog\\\/estate-in-arrivo-con-i-cappellini-personalizzati\\\/\"},\"author\":{\"name\":\"Gadget365\",\"@id\":\"https:\\\/\\\/www.gadget365.it\\\/blog\\\/#\\\/schema\\\/person\\\/f48a5e3f4f72b5c16896acc28b52b93a\"},\"headline\":\"Estate in arrivo con i cappellini personalizzati\",\"datePublished\":\"2023-07-06T22:30:00+00:00\",\"dateModified\":\"2024-11-15T10:45:35+00:00\",\"mainEntityOfPage\":{\"@id\":\"https:\\\/\\\/www.gadget365.it\\\/blog\\\/estate-in-arrivo-con-i-cappellini-personalizzati\\\/\"},\"wordCount\":832,\"publisher\":{\"@id\":\"https:\\\/\\\/www.gadget365.it\\\/blog\\\/#organization\"},\"image\":{\"@id\":\"https:\\\/\\\/www.gadget365.it\\\/blog\\\/estate-in-arrivo-con-i-cappellini-personalizzati\\\/#primaryimage\"},\"thumbnailUrl\":\"https:\\\/\\\/images.gadget365.it\\\/blog\\\/2023\\\/03\\\/Cappellini_2023.jpg?profile=Example\",\"articleSection\":[\"Tutti\"],\"inLanguage\":\"it-IT\"},{\"@type\":\"WebPage\",\"@id\":\"https:\\\/\\\/www.gadget365.it\\\/blog\\\/estate-in-arrivo-con-i-cappellini-personalizzati\\\/\",\"url\":\"https:\\\/\\\/www.gadget365.it\\\/blog\\\/estate-in-arrivo-con-i-cappellini-personalizzati\\\/\",\"name\":\"Estate in arrivo con i cappellini personalizzati - Gadget365 Blog\",\"isPartOf\":{\"@id\":\"https:\\\/\\\/www.gadget365.it\\\/blog\\\/#website\"},\"primaryImageOfPage\":{\"@id\":\"https:\\\/\\\/www.gadget365.it\\\/blog\\\/estate-in-arrivo-con-i-cappellini-personalizzati\\\/#primaryimage\"},\"image\":{\"@id\":\"https:\\\/\\\/www.gadget365.it\\\/blog\\\/estate-in-arrivo-con-i-cappellini-personalizzati\\\/#primaryimage\"},\"thumbnailUrl\":\"https:\\\/\\\/images.gadget365.it\\\/blog\\\/2023\\\/03\\\/Cappellini_2023.jpg?profile=Example\",\"datePublished\":\"2023-07-06T22:30:00+00:00\",\"dateModified\":\"2024-11-15T10:45:35+00:00\",\"description\":\"Il cappellino \u00e8 l'accessorio perfetto per tutto l'anno, ma in ogni stagione cambia forma: dai modelli in lana ai cappellini personalizzati.\",\"breadcrumb\":{\"@id\":\"https:\\\/\\\/www.gadget365.it\\\/blog\\\/estate-in-arrivo-con-i-cappellini-personalizzati\\\/#breadcrumb\"},\"inLanguage\":\"it-IT\",\"potentialAction\":[{\"@type\":\"ReadAction\",\"target\":[\"https:\\\/\\\/www.gadget365.it\\\/blog\\\/estate-in-arrivo-con-i-cappellini-personalizzati\\\/\"]}]},{\"@type\":\"ImageObject\",\"inLanguage\":\"it-IT\",\"@id\":\"https:\\\/\\\/www.gadget365.it\\\/blog\\\/estate-in-arrivo-con-i-cappellini-personalizzati\\\/#primaryimage\",\"url\":\"https:\\\/\\\/images.gadget365.it\\\/blog\\\/2023\\\/03\\\/Cappellini_2023.jpg?profile=Example\",\"contentUrl\":\"https:\\\/\\\/images.gadget365.it\\\/blog\\\/2023\\\/03\\\/Cappellini_2023.jpg?profile=Example\",\"width\":1000,\"height\":520},{\"@type\":\"BreadcrumbList\",\"@id\":\"https:\\\/\\\/www.gadget365.it\\\/blog\\\/estate-in-arrivo-con-i-cappellini-personalizzati\\\/#breadcrumb\",\"itemListElement\":[{\"@type\":\"ListItem\",\"position\":1,\"name\":\"Home\",\"item\":\"https:\\\/\\\/www.gadget365.it\\\/blog\\\/\"},{\"@type\":\"ListItem\",\"position\":2,\"name\":\"Estate in arrivo con i cappellini personalizzati\"}]},{\"@type\":\"WebSite\",\"@id\":\"https:\\\/\\\/www.gadget365.it\\\/blog\\\/#website\",\"url\":\"https:\\\/\\\/www.gadget365.it\\\/blog\\\/\",\"name\":\"Gadget365 Blog\",\"description\":\"Gadget Personalizzati per la tua Azienda\",\"publisher\":{\"@id\":\"https:\\\/\\\/www.gadget365.it\\\/blog\\\/#organization\"},\"potentialAction\":[{\"@type\":\"SearchAction\",\"target\":{\"@type\":\"EntryPoint\",\"urlTemplate\":\"https:\\\/\\\/www.gadget365.it\\\/blog\\\/?s={search_term_string}\"},\"query-input\":{\"@type\":\"PropertyValueSpecification\",\"valueRequired\":true,\"valueName\":\"search_term_string\"}}],\"inLanguage\":\"it-IT\"},{\"@type\":\"Organization\",\"@id\":\"https:\\\/\\\/www.gadget365.it\\\/blog\\\/#organization\",\"name\":\"Gadget365 Srl\",\"url\":\"https:\\\/\\\/www.gadget365.it\\\/blog\\\/\",\"logo\":{\"@type\":\"ImageObject\",\"inLanguage\":\"it-IT\",\"@id\":\"https:\\\/\\\/www.gadget365.it\\\/blog\\\/#\\\/schema\\\/logo\\\/image\\\/\",\"url\":\"\",\"contentUrl\":\"\",\"caption\":\"Gadget365 Srl\"},\"image\":{\"@id\":\"https:\\\/\\\/www.gadget365.it\\\/blog\\\/#\\\/schema\\\/logo\\\/image\\\/\"}},{\"@type\":\"Person\",\"@id\":\"https:\\\/\\\/www.gadget365.it\\\/blog\\\/#\\\/schema\\\/person\\\/f48a5e3f4f72b5c16896acc28b52b93a\",\"name\":\"Gadget365\",\"image\":{\"@type\":\"ImageObject\",\"inLanguage\":\"it-IT\",\"@id\":\"https:\\\/\\\/secure.gravatar.com\\\/avatar\\\/640f9762efade158e7c6931bea7cad6208bd10668b5f399214b0522d16149841?s=96&d=mm&r=g\",\"url\":\"https:\\\/\\\/secure.gravatar.com\\\/avatar\\\/640f9762efade158e7c6931bea7cad6208bd10668b5f399214b0522d16149841?s=96&d=mm&r=g\",\"contentUrl\":\"https:\\\/\\\/secure.gravatar.com\\\/avatar\\\/640f9762efade158e7c6931bea7cad6208bd10668b5f399214b0522d16149841?s=96&d=mm&r=g\",\"caption\":\"Gadget365\"},\"sameAs\":[\"http:\\\/\\\/works.gadget365.it\\\/blog\"],\"url\":\"https:\\\/\\\/www.gadget365.it\\\/blog\\\/author\\\/gadget365blog\\\/\"}]}<\/script>\r\n<!-- \/ Yoast SEO plugin. -->","yoast_head_json":{"title":"Estate in arrivo con i cappellini personalizzati - Gadget365 Blog","description":"Il cappellino \u00e8 l'accessorio perfetto per tutto l'anno, ma in ogni stagione cambia forma: dai modelli in lana ai cappellini personalizzati.","robots":{"index":"index","follow":"follow","max-snippet":"max-snippet:-1","max-image-preview":"max-image-preview:large","max-video-preview":"max-video-preview:-1"},"canonical":"https:\/\/www.gadget365.it\/blog\/estate-in-arrivo-con-i-cappellini-personalizzati\/","og_locale":"it_IT","og_type":"article","og_title":"Estate in arrivo con i cappellini personalizzati - Gadget365 Blog","og_description":"Il cappellino \u00e8 l'accessorio perfetto per tutto l'anno, ma in ogni stagione cambia forma: dai modelli in lana ai cappellini personalizzati.","og_url":"https:\/\/www.gadget365.it\/blog\/estate-in-arrivo-con-i-cappellini-personalizzati\/","og_site_name":"Gadget365 Blog","article_published_time":"2023-07-06T22:30:00+00:00","article_modified_time":"2024-11-15T10:45:35+00:00","og_image":[{"width":1000,"height":520,"url":"https:\/\/www.gadget365.it\/blog\/wp-content\/uploads\/2023\/03\/Cappellini_2023.jpg","type":"image\/jpeg"}],"author":"Gadget365","twitter_card":"summary_large_image","twitter_misc":{"Scritto da":"Gadget365","Tempo di lettura stimato":"6 minuti"},"schema":{"@context":"https:\/\/schema.org","@graph":[{"@type":"Article","@id":"https:\/\/www.gadget365.it\/blog\/estate-in-arrivo-con-i-cappellini-personalizzati\/#article","isPartOf":{"@id":"https:\/\/www.gadget365.it\/blog\/estate-in-arrivo-con-i-cappellini-personalizzati\/"},"author":{"name":"Gadget365","@id":"https:\/\/www.gadget365.it\/blog\/#\/schema\/person\/f48a5e3f4f72b5c16896acc28b52b93a"},"headline":"Estate in arrivo con i cappellini personalizzati","datePublished":"2023-07-06T22:30:00+00:00","dateModified":"2024-11-15T10:45:35+00:00","mainEntityOfPage":{"@id":"https:\/\/www.gadget365.it\/blog\/estate-in-arrivo-con-i-cappellini-personalizzati\/"},"wordCount":832,"publisher":{"@id":"https:\/\/www.gadget365.it\/blog\/#organization"},"image":{"@id":"https:\/\/www.gadget365.it\/blog\/estate-in-arrivo-con-i-cappellini-personalizzati\/#primaryimage"},"thumbnailUrl":"https:\/\/images.gadget365.it\/blog\/2023\/03\/Cappellini_2023.jpg?profile=Example","articleSection":["Tutti"],"inLanguage":"it-IT"},{"@type":"WebPage","@id":"https:\/\/www.gadget365.it\/blog\/estate-in-arrivo-con-i-cappellini-personalizzati\/","url":"https:\/\/www.gadget365.it\/blog\/estate-in-arrivo-con-i-cappellini-personalizzati\/","name":"Estate in arrivo con i cappellini personalizzati - Gadget365 Blog","isPartOf":{"@id":"https:\/\/www.gadget365.it\/blog\/#website"},"primaryImageOfPage":{"@id":"https:\/\/www.gadget365.it\/blog\/estate-in-arrivo-con-i-cappellini-personalizzati\/#primaryimage"},"image":{"@id":"https:\/\/www.gadget365.it\/blog\/estate-in-arrivo-con-i-cappellini-personalizzati\/#primaryimage"},"thumbnailUrl":"https:\/\/images.gadget365.it\/blog\/2023\/03\/Cappellini_2023.jpg?profile=Example","datePublished":"2023-07-06T22:30:00+00:00","dateModified":"2024-11-15T10:45:35+00:00","description":"Il cappellino \u00e8 l'accessorio perfetto per tutto l'anno, ma in ogni stagione cambia forma: dai modelli in lana ai cappellini personalizzati.","breadcrumb":{"@id":"https:\/\/www.gadget365.it\/blog\/estate-in-arrivo-con-i-cappellini-personalizzati\/#breadcrumb"},"inLanguage":"it-IT","potentialAction":[{"@type":"ReadAction","target":["https:\/\/www.gadget365.it\/blog\/estate-in-arrivo-con-i-cappellini-personalizzati\/"]}]},{"@type":"ImageObject","inLanguage":"it-IT","@id":"https:\/\/www.gadget365.it\/blog\/estate-in-arrivo-con-i-cappellini-personalizzati\/#primaryimage","url":"https:\/\/images.gadget365.it\/blog\/2023\/03\/Cappellini_2023.jpg?profile=Example","contentUrl":"https:\/\/images.gadget365.it\/blog\/2023\/03\/Cappellini_2023.jpg?profile=Example","width":1000,"height":520},{"@type":"BreadcrumbList","@id":"https:\/\/www.gadget365.it\/blog\/estate-in-arrivo-con-i-cappellini-personalizzati\/#breadcrumb","itemListElement":[{"@type":"ListItem","position":1,"name":"Home","item":"https:\/\/www.gadget365.it\/blog\/"},{"@type":"ListItem","position":2,"name":"Estate in arrivo con i cappellini personalizzati"}]},{"@type":"WebSite","@id":"https:\/\/www.gadget365.it\/blog\/#website","url":"https:\/\/www.gadget365.it\/blog\/","name":"Gadget365 Blog","description":"Gadget Personalizzati per la tua Azienda","publisher":{"@id":"https:\/\/www.gadget365.it\/blog\/#organization"},"potentialAction":[{"@type":"SearchAction","target":{"@type":"EntryPoint","urlTemplate":"https:\/\/www.gadget365.it\/blog\/?s={search_term_string}"},"query-input":{"@type":"PropertyValueSpecification","valueRequired":true,"valueName":"search_term_string"}}],"inLanguage":"it-IT"},{"@type":"Organization","@id":"https:\/\/www.gadget365.it\/blog\/#organization","name":"Gadget365 Srl","url":"https:\/\/www.gadget365.it\/blog\/","logo":{"@type":"ImageObject","inLanguage":"it-IT","@id":"https:\/\/www.gadget365.it\/blog\/#\/schema\/logo\/image\/","url":"","contentUrl":"","caption":"Gadget365 Srl"},"image":{"@id":"https:\/\/www.gadget365.it\/blog\/#\/schema\/logo\/image\/"}},{"@type":"Person","@id":"https:\/\/www.gadget365.it\/blog\/#\/schema\/person\/f48a5e3f4f72b5c16896acc28b52b93a","name":"Gadget365","image":{"@type":"ImageObject","inLanguage":"it-IT","@id":"https:\/\/secure.gravatar.com\/avatar\/640f9762efade158e7c6931bea7cad6208bd10668b5f399214b0522d16149841?s=96&d=mm&r=g","url":"https:\/\/secure.gravatar.com\/avatar\/640f9762efade158e7c6931bea7cad6208bd10668b5f399214b0522d16149841?s=96&d=mm&r=g","contentUrl":"https:\/\/secure.gravatar.com\/avatar\/640f9762efade158e7c6931bea7cad6208bd10668b5f399214b0522d16149841?s=96&d=mm&r=g","caption":"Gadget365"},"sameAs":["http:\/\/works.gadget365.it\/blog"],"url":"https:\/\/www.gadget365.it\/blog\/author\/gadget365blog\/"}]}},"_links":{"self":[{"href":"https:\/\/www.gadget365.it\/blog\/wp-json\/wp\/v2\/posts\/1659","targetHints":{"allow":["GET"]}}],"collection":[{"href":"https:\/\/www.gadget365.it\/blog\/wp-json\/wp\/v2\/posts"}],"about":[{"href":"https:\/\/www.gadget365.it\/blog\/wp-json\/wp\/v2\/types\/post"}],"author":[{"embeddable":true,"href":"https:\/\/www.gadget365.it\/blog\/wp-json\/wp\/v2\/users\/1"}],"replies":[{"embeddable":true,"href":"https:\/\/www.gadget365.it\/blog\/wp-json\/wp\/v2\/comments?post=1659"}],"version-history":[{"count":0,"href":"https:\/\/www.gadget365.it\/blog\/wp-json\/wp\/v2\/posts\/1659\/revisions"}],"wp:featuredmedia":[{"embeddable":true,"href":"https:\/\/www.gadget365.it\/blog\/wp-json\/wp\/v2\/media\/1671"}],"wp:attachment":[{"href":"https:\/\/www.gadget365.it\/blog\/wp-json\/wp\/v2\/media?parent=1659"}],"wp:term":[{"taxonomy":"category","embeddable":true,"href":"https:\/\/www.gadget365.it\/blog\/wp-json\/wp\/v2\/categories?post=1659"},{"taxonomy":"post_tag","embeddable":true,"href":"https:\/\/www.gadget365.it\/blog\/wp-json\/wp\/v2\/tags?post=1659"}],"curies":[{"name":"wp","href":"https:\/\/api.w.org\/{rel}","templated":true}]}}